{"id":2366,"date":"2024-07-30T13:02:00","date_gmt":"2024-07-30T13:02:00","guid":{"rendered":"https:\/\/evias.com\/?post_type=new&#038;p=2366"},"modified":"2025-08-29T11:11:46","modified_gmt":"2025-08-29T11:11:46","slug":"ouverture-du-centre-de-developpement-evias-a-troyes","status":"publish","type":"article","link":"https:\/\/evias.com\/fr\/article\/ouverture-du-centre-de-developpement-evias-a-troyes\/","title":{"rendered":"Ouverture du Centre de D\u00e9veloppement EVIAS \u00e0 Troyes"},"content":{"rendered":"\n<p>PARTENARIATS<\/p>\n\n<p>Nous sommes ravis d\u2019annoncer que notre Centre de D\u00e9veloppement \u00e0 Troyes, situ\u00e9 \u00e0 <a href=\"https:\/\/technopole-aube.fr\/\">La Technopole de l&rsquo;Aube<\/a>, est officiellement op\u00e9rationnel\u202f! Cette installation deviendra un p\u00f4le essentiel pour nos activit\u00e9s alors que nous continuons d\u2019innover dans le domaine des solutions de recharge rapide. <\/p>\n\n<p>La Technopole de l\u2019Aube offre un environnement inspirant qui encourage l\u2019innovation et la collaboration, et nous sommes impatients de travailler avec des leaders acad\u00e9miques et industriels dans ce cadre dynamique.<\/p>\n\n<p>En partenariat avec l\u2019Universit\u00e9 de Technologie de Troyes (UTT), nous m\u00e8nerons une s\u00e9rie d\u2019\u00e9tudes et d\u2019essais pour faire progresser nos technologies. Cette collaboration illustre notre engagement envers la recherche et le d\u00e9veloppement, garantissant qu\u2019EVIAS reste \u00e0 l\u2019avant-garde de l\u2019\u00e9lectrification des routes et de la d\u00e9carbonation des transports. <\/p>\n\n<figure class=\"wp-block-image\"><img loading=\"lazy\" decoding=\"async\" width=\"1708\" height=\"2560\" src=\"https:\/\/evias.com\/wp-content\/uploads\/2024\/11\/EVIAS_J6A6328-scaled.jpg\" alt=\"\" class=\"wp-image-2360\" srcset=\"https:\/\/evias.com\/wp-content\/uploads\/2024\/11\/EVIAS_J6A6328-scaled.jpg 1708w, https:\/\/evias.com\/wp-content\/uploads\/2024\/11\/EVIAS_J6A6328-200x300.jpg 200w, https:\/\/evias.com\/wp-content\/uploads\/2024\/11\/EVIAS_J6A6328-683x1024.jpg 683w, https:\/\/evias.com\/wp-content\/uploads\/2024\/11\/EVIAS_J6A6328-768x1151.jpg 768w, https:\/\/evias.com\/wp-content\/uploads\/2024\/11\/EVIAS_J6A6328-1025x1536.jpg 1025w, https:\/\/evias.com\/wp-content\/uploads\/2024\/11\/EVIAS_J6A6328-1366x2048.jpg 1366w\" sizes=\"auto, (max-width: 1708px) 100vw, 1708px\" \/><\/figure>\n\n<figure class=\"wp-block-image\"><img loading=\"lazy\" decoding=\"async\" width=\"2560\" height=\"1703\" src=\"https:\/\/evias.com\/wp-content\/uploads\/2024\/11\/vendredi-8-scaled.jpg\" alt=\"\" class=\"wp-image-2358\" srcset=\"https:\/\/evias.com\/wp-content\/uploads\/2024\/11\/vendredi-8-scaled.jpg 2560w, https:\/\/evias.com\/wp-content\/uploads\/2024\/11\/vendredi-8-300x200.jpg 300w, https:\/\/evias.com\/wp-content\/uploads\/2024\/11\/vendredi-8-1024x681.jpg 1024w, https:\/\/evias.com\/wp-content\/uploads\/2024\/11\/vendredi-8-768x511.jpg 768w, https:\/\/evias.com\/wp-content\/uploads\/2024\/11\/vendredi-8-1536x1022.jpg 1536w, https:\/\/evias.com\/wp-content\/uploads\/2024\/11\/vendredi-8-2048x1363.jpg 2048w\" sizes=\"auto, (max-width: 2560px) 100vw, 2560px\" \/><\/figure>\n","protected":false},"featured_media":2363,"template":"","meta":{"_acf_changed":false,"_coblocks_attr":"","_coblocks_dimensions":"","_coblocks_responsive_height":"","_coblocks_accordion_ie_support":""},"categories":[29],"class_list":["post-2366","article","type-article","status-publish","has-post-thumbnail","hentry","category-projets"],"acf":[],"yoast_head":"<!-- This site is optimized with the Yoast SEO plugin v27.5 - https:\/\/yoast.com\/product\/yoast-seo-wordpress\/ -->\n<title>Ouverture du Centre de D\u00e9veloppement EVIAS \u00e0 Troyes | EVIAS<\/title>\n<meta name=\"robots\" content=\"index, follow, max-snippet:-1, max-image-preview:large, max-video-preview:-1\" \/>\n<link rel=\"canonical\" href=\"https:\/\/evias.com\/fr\/article\/ouverture-du-centre-de-developpement-evias-a-troyes\/\" \/>\n<meta property=\"og:locale\" content=\"fr_FR\" \/>\n<meta property=\"og:type\" content=\"article\" \/>\n<meta property=\"og:title\" content=\"Ouverture du Centre de D\u00e9veloppement EVIAS \u00e0 Troyes | EVIAS\" \/>\n<meta property=\"og:description\" content=\"PARTENARIATS Nous sommes ravis d\u2019annoncer que notre Centre de D\u00e9veloppement \u00e0 Troyes, situ\u00e9 \u00e0 La Technopole de l&rsquo;Aube, est officiellement op\u00e9rationnel\u202f! Cette installation deviendra un p\u00f4le essentiel pour nos activit\u00e9s alors que nous continuons d\u2019innover dans le domaine des solutions de recharge rapide. La Technopole de l\u2019Aube offre un environnement inspirant qui encourage l\u2019innovation et [&hellip;]\" \/>\n<meta property=\"og:url\" content=\"https:\/\/evias.com\/fr\/article\/ouverture-du-centre-de-developpement-evias-a-troyes\/\" \/>\n<meta property=\"og:site_name\" content=\"EVIAS\" \/>\n<meta property=\"article:modified_time\" content=\"2025-08-29T11:11:46+00:00\" \/>\n<meta property=\"og:image\" content=\"https:\/\/evias.com\/wp-content\/uploads\/2024\/11\/EVIAS_J6A5596-scaled.jpg\" \/>\n\t<meta property=\"og:image:width\" content=\"2560\" \/>\n\t<meta property=\"og:image:height\" content=\"1707\" \/>\n\t<meta property=\"og:image:type\" content=\"image\/jpeg\" \/>\n<meta name=\"twitter:card\" content=\"summary_large_image\" \/>\n<meta name=\"twitter:label1\" content=\"Dur\u00e9e de lecture estim\u00e9e\" \/>\n\t<meta name=\"twitter:data1\" content=\"2 minutes\" \/>\n<script type=\"application\/ld+json\" class=\"yoast-schema-graph\">{\"@context\":\"https:\\\/\\\/schema.org\",\"@graph\":[{\"@type\":\"WebPage\",\"@id\":\"https:\\\/\\\/evias.com\\\/fr\\\/article\\\/ouverture-du-centre-de-developpement-evias-a-troyes\\\/\",\"url\":\"https:\\\/\\\/evias.com\\\/fr\\\/article\\\/ouverture-du-centre-de-developpement-evias-a-troyes\\\/\",\"name\":\"Ouverture du Centre de D\u00e9veloppement EVIAS \u00e0 Troyes | EVIAS\",\"isPartOf\":{\"@id\":\"https:\\\/\\\/evias.com\\\/fr\\\/#website\"},\"primaryImageOfPage\":{\"@id\":\"https:\\\/\\\/evias.com\\\/fr\\\/article\\\/ouverture-du-centre-de-developpement-evias-a-troyes\\\/#primaryimage\"},\"image\":{\"@id\":\"https:\\\/\\\/evias.com\\\/fr\\\/article\\\/ouverture-du-centre-de-developpement-evias-a-troyes\\\/#primaryimage\"},\"thumbnailUrl\":\"https:\\\/\\\/evias.com\\\/wp-content\\\/uploads\\\/2024\\\/11\\\/EVIAS_J6A5596-scaled.jpg\",\"datePublished\":\"2024-07-30T13:02:00+00:00\",\"dateModified\":\"2025-08-29T11:11:46+00:00\",\"breadcrumb\":{\"@id\":\"https:\\\/\\\/evias.com\\\/fr\\\/article\\\/ouverture-du-centre-de-developpement-evias-a-troyes\\\/#breadcrumb\"},\"inLanguage\":\"fr-FR\",\"potentialAction\":[{\"@type\":\"ReadAction\",\"target\":[\"https:\\\/\\\/evias.com\\\/fr\\\/article\\\/ouverture-du-centre-de-developpement-evias-a-troyes\\\/\"]}]},{\"@type\":\"ImageObject\",\"inLanguage\":\"fr-FR\",\"@id\":\"https:\\\/\\\/evias.com\\\/fr\\\/article\\\/ouverture-du-centre-de-developpement-evias-a-troyes\\\/#primaryimage\",\"url\":\"https:\\\/\\\/evias.com\\\/wp-content\\\/uploads\\\/2024\\\/11\\\/EVIAS_J6A5596-scaled.jpg\",\"contentUrl\":\"https:\\\/\\\/evias.com\\\/wp-content\\\/uploads\\\/2024\\\/11\\\/EVIAS_J6A5596-scaled.jpg\",\"width\":2560,\"height\":1707},{\"@type\":\"BreadcrumbList\",\"@id\":\"https:\\\/\\\/evias.com\\\/fr\\\/article\\\/ouverture-du-centre-de-developpement-evias-a-troyes\\\/#breadcrumb\",\"itemListElement\":[{\"@type\":\"ListItem\",\"position\":1,\"name\":\"Home\",\"item\":\"https:\\\/\\\/evias.com\\\/fr\\\/\"},{\"@type\":\"ListItem\",\"position\":2,\"name\":\"Ouverture du Centre de D\u00e9veloppement EVIAS \u00e0 Troyes\"}]},{\"@type\":\"WebSite\",\"@id\":\"https:\\\/\\\/evias.com\\\/fr\\\/#website\",\"url\":\"https:\\\/\\\/evias.com\\\/fr\\\/\",\"name\":\"EVIAS\",\"description\":\"\",\"potentialAction\":[{\"@type\":\"SearchAction\",\"target\":{\"@type\":\"EntryPoint\",\"urlTemplate\":\"https:\\\/\\\/evias.com\\\/fr\\\/?s={search_term_string}\"},\"query-input\":{\"@type\":\"PropertyValueSpecification\",\"valueRequired\":true,\"valueName\":\"search_term_string\"}}],\"inLanguage\":\"fr-FR\"}]}<\/script>\n<!-- \/ Yoast SEO plugin. -->","yoast_head_json":{"title":"Ouverture du Centre de D\u00e9veloppement EVIAS \u00e0 Troyes | EVIAS","robots":{"index":"index","follow":"follow","max-snippet":"max-snippet:-1","max-image-preview":"max-image-preview:large","max-video-preview":"max-video-preview:-1"},"canonical":"https:\/\/evias.com\/fr\/article\/ouverture-du-centre-de-developpement-evias-a-troyes\/","og_locale":"fr_FR","og_type":"article","og_title":"Ouverture du Centre de D\u00e9veloppement EVIAS \u00e0 Troyes | EVIAS","og_description":"PARTENARIATS Nous sommes ravis d\u2019annoncer que notre Centre de D\u00e9veloppement \u00e0 Troyes, situ\u00e9 \u00e0 La Technopole de l&rsquo;Aube, est officiellement op\u00e9rationnel\u202f! Cette installation deviendra un p\u00f4le essentiel pour nos activit\u00e9s alors que nous continuons d\u2019innover dans le domaine des solutions de recharge rapide. La Technopole de l\u2019Aube offre un environnement inspirant qui encourage l\u2019innovation et [&hellip;]","og_url":"https:\/\/evias.com\/fr\/article\/ouverture-du-centre-de-developpement-evias-a-troyes\/","og_site_name":"EVIAS","article_modified_time":"2025-08-29T11:11:46+00:00","og_image":[{"width":2560,"height":1707,"url":"https:\/\/evias.com\/wp-content\/uploads\/2024\/11\/EVIAS_J6A5596-scaled.jpg","type":"image\/jpeg"}],"twitter_card":"summary_large_image","twitter_misc":{"Dur\u00e9e de lecture estim\u00e9e":"2 minutes"},"schema":{"@context":"https:\/\/schema.org","@graph":[{"@type":"WebPage","@id":"https:\/\/evias.com\/fr\/article\/ouverture-du-centre-de-developpement-evias-a-troyes\/","url":"https:\/\/evias.com\/fr\/article\/ouverture-du-centre-de-developpement-evias-a-troyes\/","name":"Ouverture du Centre de D\u00e9veloppement EVIAS \u00e0 Troyes | EVIAS","isPartOf":{"@id":"https:\/\/evias.com\/fr\/#website"},"primaryImageOfPage":{"@id":"https:\/\/evias.com\/fr\/article\/ouverture-du-centre-de-developpement-evias-a-troyes\/#primaryimage"},"image":{"@id":"https:\/\/evias.com\/fr\/article\/ouverture-du-centre-de-developpement-evias-a-troyes\/#primaryimage"},"thumbnailUrl":"https:\/\/evias.com\/wp-content\/uploads\/2024\/11\/EVIAS_J6A5596-scaled.jpg","datePublished":"2024-07-30T13:02:00+00:00","dateModified":"2025-08-29T11:11:46+00:00","breadcrumb":{"@id":"https:\/\/evias.com\/fr\/article\/ouverture-du-centre-de-developpement-evias-a-troyes\/#breadcrumb"},"inLanguage":"fr-FR","potentialAction":[{"@type":"ReadAction","target":["https:\/\/evias.com\/fr\/article\/ouverture-du-centre-de-developpement-evias-a-troyes\/"]}]},{"@type":"ImageObject","inLanguage":"fr-FR","@id":"https:\/\/evias.com\/fr\/article\/ouverture-du-centre-de-developpement-evias-a-troyes\/#primaryimage","url":"https:\/\/evias.com\/wp-content\/uploads\/2024\/11\/EVIAS_J6A5596-scaled.jpg","contentUrl":"https:\/\/evias.com\/wp-content\/uploads\/2024\/11\/EVIAS_J6A5596-scaled.jpg","width":2560,"height":1707},{"@type":"BreadcrumbList","@id":"https:\/\/evias.com\/fr\/article\/ouverture-du-centre-de-developpement-evias-a-troyes\/#breadcrumb","itemListElement":[{"@type":"ListItem","position":1,"name":"Home","item":"https:\/\/evias.com\/fr\/"},{"@type":"ListItem","position":2,"name":"Ouverture du Centre de D\u00e9veloppement EVIAS \u00e0 Troyes"}]},{"@type":"WebSite","@id":"https:\/\/evias.com\/fr\/#website","url":"https:\/\/evias.com\/fr\/","name":"EVIAS","description":"","potentialAction":[{"@type":"SearchAction","target":{"@type":"EntryPoint","urlTemplate":"https:\/\/evias.com\/fr\/?s={search_term_string}"},"query-input":{"@type":"PropertyValueSpecification","valueRequired":true,"valueName":"search_term_string"}}],"inLanguage":"fr-FR"}]}},"_links":{"self":[{"href":"https:\/\/evias.com\/fr\/wp-json\/wp\/v2\/article\/2366","targetHints":{"allow":["GET"]}}],"collection":[{"href":"https:\/\/evias.com\/fr\/wp-json\/wp\/v2\/article"}],"about":[{"href":"https:\/\/evias.com\/fr\/wp-json\/wp\/v2\/types\/article"}],"wp:featuredmedia":[{"embeddable":true,"href":"https:\/\/evias.com\/fr\/wp-json\/wp\/v2\/media\/2363"}],"wp:attachment":[{"href":"https:\/\/evias.com\/fr\/wp-json\/wp\/v2\/media?parent=2366"}],"wp:term":[{"taxonomy":"category","embeddable":true,"href":"https:\/\/evias.com\/fr\/wp-json\/wp\/v2\/categories?post=2366"}],"curies":[{"name":"wp","href":"https:\/\/api.w.org\/{rel}","templated":true}]}}