{"id":2345,"date":"2024-08-30T13:00:00","date_gmt":"2024-08-30T13:00:00","guid":{"rendered":"https:\/\/evias.com\/?post_type=new&#038;p=2345"},"modified":"2024-11-25T11:19:38","modified_gmt":"2024-11-25T11:19:38","slug":"evias-sous-les-projecteurs-sur-canal-32-revolutionner-la-recharge-des-vehicules-electriques-en-mouvement","status":"publish","type":"article","link":"https:\/\/evias.com\/fr\/article\/evias-sous-les-projecteurs-sur-canal-32-revolutionner-la-recharge-des-vehicules-electriques-en-mouvement\/","title":{"rendered":"Evias sous les projecteurs sur Canal 32 : r\u00e9volutionner la recharge des v\u00e9hicules \u00e9lectriques en mouvement"},"content":{"rendered":"\n<figure class=\"wp-block-image\"><img loading=\"lazy\" decoding=\"async\" width=\"2560\" height=\"1707\" src=\"https:\/\/evias.com\/wp-content\/uploads\/2022\/03\/EVIAS_Truck_Collector1-scaled.jpg\" alt=\"\" class=\"wp-image-2341\" srcset=\"https:\/\/evias.com\/wp-content\/uploads\/2022\/03\/EVIAS_Truck_Collector1-scaled.jpg 2560w, https:\/\/evias.com\/wp-content\/uploads\/2022\/03\/EVIAS_Truck_Collector1-300x200.jpg 300w, https:\/\/evias.com\/wp-content\/uploads\/2022\/03\/EVIAS_Truck_Collector1-1024x683.jpg 1024w, https:\/\/evias.com\/wp-content\/uploads\/2022\/03\/EVIAS_Truck_Collector1-768x512.jpg 768w, https:\/\/evias.com\/wp-content\/uploads\/2022\/03\/EVIAS_Truck_Collector1-1536x1024.jpg 1536w, https:\/\/evias.com\/wp-content\/uploads\/2022\/03\/EVIAS_Truck_Collector1-2048x1366.jpg 2048w\" sizes=\"auto, (max-width: 2560px) 100vw, 2560px\" \/><\/figure>\n<div class=\"wp-block-post-date\"><time datetime=\"2024-08-30T13:00:00+00:00\">30 ao\u00fbt 2024<\/time><\/div>\n<h3 class=\"wp-block-heading\">DANS L&rsquo;ACTUALIT\u00c9<\/h3>\n\n<h3 class=\"wp-block-heading\">Dans un reportage r\u00e9volutionnaire de <a href=\"https:\/\/www.canal32.fr\/\">Canal 32<\/a>, Evias a pr\u00e9sent\u00e9 sa technologie de recharge dynamique pour v\u00e9hicules \u00e9lectriques, captivant l\u2019attention des principaux leaders et parties prenantes de la r\u00e9gion. Cette couverture, r\u00e9alis\u00e9e dans le cadre de notre r\u00e9cente semaine de d\u00e9monstration \u00e0 <a href=\"https:\/\/www.utt.fr\/study-at-utt\">University of Technology of Troyes<\/a> (UTT), a mis en lumi\u00e8re notre syst\u00e8me de route \u00e9lectrique, permettant aux v\u00e9hicules de se recharger en roulant. Cette technologie novatrice \u00e9tablit un nouveau standard dans le domaine du transport durable et a suscit\u00e9 l\u2019enthousiasme des dirigeants r\u00e9gionaux et des partenaires potentiels.  <\/h3>\n\n<p><strong>Fran\u00e7ois Baroin, Maire de Troyes et President de <\/strong><a href=\"https:\/\/troyes-champagne-metropole.fr\/\"><strong>Troyes Champagne M\u00e9tropole<\/strong><\/a><strong>,<\/strong> s\u2019est exprim\u00e9 sur Canal 32 pour partager sa vision d\u2019int\u00e9grer la technologie d\u2019Evias dans l\u2019\u00e9cosyst\u00e8me de transport de Troyes. M. Baroin consid\u00e8re cela comme une \u00e9tape cruciale vers un avenir plus vert et plus durable, soulignant l\u2019engagement de Troyes envers l\u2019innovation environnementale et le progr\u00e8s urbain. <\/p>\n\n<p>Notre PDG, <strong>Olivier Besson<\/strong>, a \u00e9galement partag\u00e9 son expertise lors de l\u2019interview avec Canal 32, offrant un aper\u00e7u d\u00e9taill\u00e9 de cette technologie. Con\u00e7u pour transformer le temps de conduite en temps de recharge de mani\u00e8re fluide, le syst\u00e8me utilise une piste \u00e9lectrique qui se connecte automatiquement \u00e0 un collecteur du v\u00e9hicule, permettant une recharge efficace et ininterrompue pour le transport de marchandises et les transports en commun. <\/p>\n\n<p>Evias exprime sa gratitude envers les partenaires qui ont soutenu le lancement de cette technologie. Parmi les figures notables, on retrouve <strong>Vanina Paoli-Gagin, Senator of Aube<\/strong>; <strong>Philippe Pichery, President of the<\/strong><a href=\"https:\/\/www.aube.fr\/\"><strong> D\u00e9partement de l&rsquo;Aube<\/strong><\/a>, et <strong>Thomas Keller, <\/strong><a href=\"https:\/\/www.bpifrance.com\/\"><strong>Bpifrance<\/strong><\/a>; ainsi que <strong>Christophe Collet, Director of UTT<\/strong>. Leur soutien a \u00e9t\u00e9 essentiel pour donner vie \u00e0 notre vision.  <\/p>\n\n<p>Gr\u00e2ce aux partenariats et au soutien local, Evias est pr\u00eat \u00e0 transformer le paysage des transports, en favorisant des routes plus propres et plus durables \u00e0 Troyes et au-del\u00e0.<\/p>\n\n<figure class=\"wp-block-image size-large\"><img loading=\"lazy\" decoding=\"async\" width=\"1024\" height=\"577\" src=\"https:\/\/evias.com\/wp-content\/uploads\/2022\/03\/image-1024x577.png\" alt=\"\" class=\"wp-image-2337\" srcset=\"https:\/\/evias.com\/wp-content\/uploads\/2022\/03\/image-1024x577.png 1024w, https:\/\/evias.com\/wp-content\/uploads\/2022\/03\/image-300x169.png 300w, https:\/\/evias.com\/wp-content\/uploads\/2022\/03\/image-768x433.png 768w, https:\/\/evias.com\/wp-content\/uploads\/2022\/03\/image-1536x866.png 1536w, https:\/\/evias.com\/wp-content\/uploads\/2022\/03\/image.png 1914w\" sizes=\"auto, (max-width: 1024px) 100vw, 1024px\" \/><\/figure>\n\n<figure class=\"wp-block-image size-large\"><img loading=\"lazy\" decoding=\"async\" width=\"1024\" height=\"576\" src=\"https:\/\/evias.com\/wp-content\/uploads\/2022\/03\/image-1-1024x576.png\" alt=\"\" class=\"wp-image-2339\" srcset=\"https:\/\/evias.com\/wp-content\/uploads\/2022\/03\/image-1-1024x576.png 1024w, https:\/\/evias.com\/wp-content\/uploads\/2022\/03\/image-1-300x169.png 300w, https:\/\/evias.com\/wp-content\/uploads\/2022\/03\/image-1-768x432.png 768w, https:\/\/evias.com\/wp-content\/uploads\/2022\/03\/image-1-1536x864.png 1536w, https:\/\/evias.com\/wp-content\/uploads\/2022\/03\/image-1.png 1919w\" sizes=\"auto, (max-width: 1024px) 100vw, 1024px\" \/><\/figure>\n\n<p>Pour en savoir plus sur notre technologie, regardez la vid\u00e9o compl\u00e8te de Canal 32 ici : <a href=\"https:\/\/www.canal32.fr\/thematiques\/economie\/sujet\/evias-demontre-la-recharge-electrique-sans-arret-du-vehicule-du-30-aout-2024.html\">https:\/\/www.canal32.fr\/thematiques\/economie\/sujet\/evias-demontre-la-recharge-electrique-sans-arret-du-vehicule-du-30-aout-2024.html<\/a><\/p>\n\n<p><\/p>\n","protected":false},"featured_media":2344,"template":"","meta":{"_acf_changed":false,"_coblocks_attr":"","_coblocks_dimensions":"","_coblocks_responsive_height":"","_coblocks_accordion_ie_support":""},"categories":[27],"class_list":["post-2345","article","type-article","status-publish","has-post-thumbnail","hentry","category-dans-lactualite"],"acf":[],"yoast_head":"<!-- This site is optimized with the Yoast SEO plugin v27.5 - https:\/\/yoast.com\/product\/yoast-seo-wordpress\/ -->\n<title>Evias sous les projecteurs sur Canal 32 : r\u00e9volutionner la recharge des v\u00e9hicules \u00e9lectriques en mouvement | EVIAS<\/title>\n<meta name=\"robots\" content=\"index, follow, max-snippet:-1, max-image-preview:large, max-video-preview:-1\" \/>\n<link rel=\"canonical\" href=\"https:\/\/evias.com\/fr\/article\/evias-sous-les-projecteurs-sur-canal-32-revolutionner-la-recharge-des-vehicules-electriques-en-mouvement\/\" \/>\n<meta property=\"og:locale\" content=\"fr_FR\" \/>\n<meta property=\"og:type\" content=\"article\" \/>\n<meta property=\"og:title\" content=\"Evias sous les projecteurs sur Canal 32 : r\u00e9volutionner la recharge des v\u00e9hicules \u00e9lectriques en mouvement | EVIAS\" \/>\n<meta property=\"og:description\" content=\"DANS L&rsquo;ACTUALIT\u00c9 Dans un reportage r\u00e9volutionnaire de Canal 32, Evias a pr\u00e9sent\u00e9 sa technologie de recharge dynamique pour v\u00e9hicules \u00e9lectriques, captivant l\u2019attention des principaux leaders et parties prenantes de la r\u00e9gion. Cette couverture, r\u00e9alis\u00e9e dans le cadre de notre r\u00e9cente semaine de d\u00e9monstration \u00e0 University of Technology of Troyes (UTT), a mis en lumi\u00e8re notre [&hellip;]\" \/>\n<meta property=\"og:url\" content=\"https:\/\/evias.com\/fr\/article\/evias-sous-les-projecteurs-sur-canal-32-revolutionner-la-recharge-des-vehicules-electriques-en-mouvement\/\" \/>\n<meta property=\"og:site_name\" content=\"EVIAS\" \/>\n<meta property=\"article:modified_time\" content=\"2024-11-25T11:19:38+00:00\" \/>\n<meta property=\"og:image\" content=\"https:\/\/evias.com\/wp-content\/uploads\/2024\/08\/EVIAS_Truck_Collector1-scaled.jpg\" \/>\n\t<meta property=\"og:image:width\" content=\"2560\" \/>\n\t<meta property=\"og:image:height\" content=\"1707\" \/>\n\t<meta property=\"og:image:type\" content=\"image\/jpeg\" \/>\n<meta name=\"twitter:card\" content=\"summary_large_image\" \/>\n<meta name=\"twitter:label1\" content=\"Dur\u00e9e de lecture estim\u00e9e\" \/>\n\t<meta name=\"twitter:data1\" content=\"2 minutes\" \/>\n<script type=\"application\/ld+json\" class=\"yoast-schema-graph\">{\"@context\":\"https:\\\/\\\/schema.org\",\"@graph\":[{\"@type\":\"WebPage\",\"@id\":\"https:\\\/\\\/evias.com\\\/fr\\\/article\\\/evias-sous-les-projecteurs-sur-canal-32-revolutionner-la-recharge-des-vehicules-electriques-en-mouvement\\\/\",\"url\":\"https:\\\/\\\/evias.com\\\/fr\\\/article\\\/evias-sous-les-projecteurs-sur-canal-32-revolutionner-la-recharge-des-vehicules-electriques-en-mouvement\\\/\",\"name\":\"Evias sous les projecteurs sur Canal 32 : r\u00e9volutionner la recharge des v\u00e9hicules \u00e9lectriques en mouvement | EVIAS\",\"isPartOf\":{\"@id\":\"https:\\\/\\\/evias.com\\\/fr\\\/#website\"},\"primaryImageOfPage\":{\"@id\":\"https:\\\/\\\/evias.com\\\/fr\\\/article\\\/evias-sous-les-projecteurs-sur-canal-32-revolutionner-la-recharge-des-vehicules-electriques-en-mouvement\\\/#primaryimage\"},\"image\":{\"@id\":\"https:\\\/\\\/evias.com\\\/fr\\\/article\\\/evias-sous-les-projecteurs-sur-canal-32-revolutionner-la-recharge-des-vehicules-electriques-en-mouvement\\\/#primaryimage\"},\"thumbnailUrl\":\"https:\\\/\\\/evias.com\\\/wp-content\\\/uploads\\\/2024\\\/08\\\/EVIAS_Truck_Collector1-scaled.jpg\",\"datePublished\":\"2024-08-30T13:00:00+00:00\",\"dateModified\":\"2024-11-25T11:19:38+00:00\",\"breadcrumb\":{\"@id\":\"https:\\\/\\\/evias.com\\\/fr\\\/article\\\/evias-sous-les-projecteurs-sur-canal-32-revolutionner-la-recharge-des-vehicules-electriques-en-mouvement\\\/#breadcrumb\"},\"inLanguage\":\"fr-FR\",\"potentialAction\":[{\"@type\":\"ReadAction\",\"target\":[\"https:\\\/\\\/evias.com\\\/fr\\\/article\\\/evias-sous-les-projecteurs-sur-canal-32-revolutionner-la-recharge-des-vehicules-electriques-en-mouvement\\\/\"]}]},{\"@type\":\"ImageObject\",\"inLanguage\":\"fr-FR\",\"@id\":\"https:\\\/\\\/evias.com\\\/fr\\\/article\\\/evias-sous-les-projecteurs-sur-canal-32-revolutionner-la-recharge-des-vehicules-electriques-en-mouvement\\\/#primaryimage\",\"url\":\"https:\\\/\\\/evias.com\\\/wp-content\\\/uploads\\\/2024\\\/08\\\/EVIAS_Truck_Collector1-scaled.jpg\",\"contentUrl\":\"https:\\\/\\\/evias.com\\\/wp-content\\\/uploads\\\/2024\\\/08\\\/EVIAS_Truck_Collector1-scaled.jpg\",\"width\":2560,\"height\":1707},{\"@type\":\"BreadcrumbList\",\"@id\":\"https:\\\/\\\/evias.com\\\/fr\\\/article\\\/evias-sous-les-projecteurs-sur-canal-32-revolutionner-la-recharge-des-vehicules-electriques-en-mouvement\\\/#breadcrumb\",\"itemListElement\":[{\"@type\":\"ListItem\",\"position\":1,\"name\":\"Home\",\"item\":\"https:\\\/\\\/evias.com\\\/fr\\\/\"},{\"@type\":\"ListItem\",\"position\":2,\"name\":\"Evias sous les projecteurs sur Canal 32 : r\u00e9volutionner la recharge des v\u00e9hicules \u00e9lectriques en mouvement\"}]},{\"@type\":\"WebSite\",\"@id\":\"https:\\\/\\\/evias.com\\\/fr\\\/#website\",\"url\":\"https:\\\/\\\/evias.com\\\/fr\\\/\",\"name\":\"EVIAS\",\"description\":\"\",\"potentialAction\":[{\"@type\":\"SearchAction\",\"target\":{\"@type\":\"EntryPoint\",\"urlTemplate\":\"https:\\\/\\\/evias.com\\\/fr\\\/?s={search_term_string}\"},\"query-input\":{\"@type\":\"PropertyValueSpecification\",\"valueRequired\":true,\"valueName\":\"search_term_string\"}}],\"inLanguage\":\"fr-FR\"}]}<\/script>\n<!-- \/ Yoast SEO plugin. -->","yoast_head_json":{"title":"Evias sous les projecteurs sur Canal 32 : r\u00e9volutionner la recharge des v\u00e9hicules \u00e9lectriques en mouvement | EVIAS","robots":{"index":"index","follow":"follow","max-snippet":"max-snippet:-1","max-image-preview":"max-image-preview:large","max-video-preview":"max-video-preview:-1"},"canonical":"https:\/\/evias.com\/fr\/article\/evias-sous-les-projecteurs-sur-canal-32-revolutionner-la-recharge-des-vehicules-electriques-en-mouvement\/","og_locale":"fr_FR","og_type":"article","og_title":"Evias sous les projecteurs sur Canal 32 : r\u00e9volutionner la recharge des v\u00e9hicules \u00e9lectriques en mouvement | EVIAS","og_description":"DANS L&rsquo;ACTUALIT\u00c9 Dans un reportage r\u00e9volutionnaire de Canal 32, Evias a pr\u00e9sent\u00e9 sa technologie de recharge dynamique pour v\u00e9hicules \u00e9lectriques, captivant l\u2019attention des principaux leaders et parties prenantes de la r\u00e9gion. Cette couverture, r\u00e9alis\u00e9e dans le cadre de notre r\u00e9cente semaine de d\u00e9monstration \u00e0 University of Technology of Troyes (UTT), a mis en lumi\u00e8re notre [&hellip;]","og_url":"https:\/\/evias.com\/fr\/article\/evias-sous-les-projecteurs-sur-canal-32-revolutionner-la-recharge-des-vehicules-electriques-en-mouvement\/","og_site_name":"EVIAS","article_modified_time":"2024-11-25T11:19:38+00:00","og_image":[{"width":2560,"height":1707,"url":"https:\/\/evias.com\/wp-content\/uploads\/2024\/08\/EVIAS_Truck_Collector1-scaled.jpg","type":"image\/jpeg"}],"twitter_card":"summary_large_image","twitter_misc":{"Dur\u00e9e de lecture estim\u00e9e":"2 minutes"},"schema":{"@context":"https:\/\/schema.org","@graph":[{"@type":"WebPage","@id":"https:\/\/evias.com\/fr\/article\/evias-sous-les-projecteurs-sur-canal-32-revolutionner-la-recharge-des-vehicules-electriques-en-mouvement\/","url":"https:\/\/evias.com\/fr\/article\/evias-sous-les-projecteurs-sur-canal-32-revolutionner-la-recharge-des-vehicules-electriques-en-mouvement\/","name":"Evias sous les projecteurs sur Canal 32 : r\u00e9volutionner la recharge des v\u00e9hicules \u00e9lectriques en mouvement | EVIAS","isPartOf":{"@id":"https:\/\/evias.com\/fr\/#website"},"primaryImageOfPage":{"@id":"https:\/\/evias.com\/fr\/article\/evias-sous-les-projecteurs-sur-canal-32-revolutionner-la-recharge-des-vehicules-electriques-en-mouvement\/#primaryimage"},"image":{"@id":"https:\/\/evias.com\/fr\/article\/evias-sous-les-projecteurs-sur-canal-32-revolutionner-la-recharge-des-vehicules-electriques-en-mouvement\/#primaryimage"},"thumbnailUrl":"https:\/\/evias.com\/wp-content\/uploads\/2024\/08\/EVIAS_Truck_Collector1-scaled.jpg","datePublished":"2024-08-30T13:00:00+00:00","dateModified":"2024-11-25T11:19:38+00:00","breadcrumb":{"@id":"https:\/\/evias.com\/fr\/article\/evias-sous-les-projecteurs-sur-canal-32-revolutionner-la-recharge-des-vehicules-electriques-en-mouvement\/#breadcrumb"},"inLanguage":"fr-FR","potentialAction":[{"@type":"ReadAction","target":["https:\/\/evias.com\/fr\/article\/evias-sous-les-projecteurs-sur-canal-32-revolutionner-la-recharge-des-vehicules-electriques-en-mouvement\/"]}]},{"@type":"ImageObject","inLanguage":"fr-FR","@id":"https:\/\/evias.com\/fr\/article\/evias-sous-les-projecteurs-sur-canal-32-revolutionner-la-recharge-des-vehicules-electriques-en-mouvement\/#primaryimage","url":"https:\/\/evias.com\/wp-content\/uploads\/2024\/08\/EVIAS_Truck_Collector1-scaled.jpg","contentUrl":"https:\/\/evias.com\/wp-content\/uploads\/2024\/08\/EVIAS_Truck_Collector1-scaled.jpg","width":2560,"height":1707},{"@type":"BreadcrumbList","@id":"https:\/\/evias.com\/fr\/article\/evias-sous-les-projecteurs-sur-canal-32-revolutionner-la-recharge-des-vehicules-electriques-en-mouvement\/#breadcrumb","itemListElement":[{"@type":"ListItem","position":1,"name":"Home","item":"https:\/\/evias.com\/fr\/"},{"@type":"ListItem","position":2,"name":"Evias sous les projecteurs sur Canal 32 : r\u00e9volutionner la recharge des v\u00e9hicules \u00e9lectriques en mouvement"}]},{"@type":"WebSite","@id":"https:\/\/evias.com\/fr\/#website","url":"https:\/\/evias.com\/fr\/","name":"EVIAS","description":"","potentialAction":[{"@type":"SearchAction","target":{"@type":"EntryPoint","urlTemplate":"https:\/\/evias.com\/fr\/?s={search_term_string}"},"query-input":{"@type":"PropertyValueSpecification","valueRequired":true,"valueName":"search_term_string"}}],"inLanguage":"fr-FR"}]}},"_links":{"self":[{"href":"https:\/\/evias.com\/fr\/wp-json\/wp\/v2\/article\/2345","targetHints":{"allow":["GET"]}}],"collection":[{"href":"https:\/\/evias.com\/fr\/wp-json\/wp\/v2\/article"}],"about":[{"href":"https:\/\/evias.com\/fr\/wp-json\/wp\/v2\/types\/article"}],"wp:featuredmedia":[{"embeddable":true,"href":"https:\/\/evias.com\/fr\/wp-json\/wp\/v2\/media\/2344"}],"wp:attachment":[{"href":"https:\/\/evias.com\/fr\/wp-json\/wp\/v2\/media?parent=2345"}],"wp:term":[{"taxonomy":"category","embeddable":true,"href":"https:\/\/evias.com\/fr\/wp-json\/wp\/v2\/categories?post=2345"}],"curies":[{"name":"wp","href":"https:\/\/api.w.org\/{rel}","templated":true}]}}